{"id":1787,"date":"2024-07-16T11:40:17","date_gmt":"2024-07-16T15:40:17","guid":{"rendered":"https:\/\/presse.refmedia.ca\/?p=1787"},"modified":"2024-07-16T11:45:26","modified_gmt":"2024-07-16T15:45:26","slug":"construction-holiday-ccq-2024","status":"publish","type":"post","link":"https:\/\/presse.refmedia.ca\/en\/construction-holiday-ccq-2024\/","title":{"rendered":"The construction holiday begins for almost 200,000 workers  in the construction industry: More than $647 million in vacation pay distributed"},"content":{"rendered":"[vc_row type=&#8221;in_container&#8221; full_screen_row_position=&#8221;middle&#8221; column_margin=&#8221;default&#8221; equal_height=&#8221;yes&#8221; content_placement=&#8221;middle&#8221; column_direction=&#8221;default&#8221; column_direction_tablet=&#8221;default&#8221; column_direction_phone=&#8221;default&#8221; scene_position=&#8221;center&#8221; text_color=&#8221;dark&#8221; text_align=&#8221;left&#8221; row_border_radius=&#8221;none&#8221; row_border_radius_applies=&#8221;bg&#8221; overflow=&#8221;visible&#8221; overlay_strength=&#8221;0.3&#8243; gradient_direction=&#8221;left_to_right&#8221; shape_divider_position=&#8221;bottom&#8221; bg_image_animation=&#8221;none&#8221; gradient_type=&#8221;default&#8221; shape_type=&#8221;&#8221;][vc_column column_padding=&#8221;no-extra-padding&#8221; column_padding_tablet=&#8221;inherit&#8221; column_padding_phone=&#8221;inherit&#8221; column_padding_position=&#8221;all&#8221; column_element_direction_desktop=&#8221;default&#8221; column_element_spacing=&#8221;default&#8221; desktop_text_alignment=&#8221;right&#8221; tablet_text_alignment=&#8221;default&#8221; phone_text_alignment=&#8221;default&#8221; background_color_opacity=&#8221;1&#8243; background_hover_color_opacity=&#8221;1&#8243; column_backdrop_filter=&#8221;none&#8221; column_shadow=&#8221;none&#8221; column_border_radius=&#8221;none&#8221; column_link_target=&#8221;_self&#8221; column_position=&#8221;default&#8221; gradient_direction=&#8221;left_to_right&#8221; overlay_strength=&#8221;0.3&#8243; width=&#8221;1\/4&#8243; tablet_width_inherit=&#8221;default&#8221; animation_type=&#8221;default&#8221; bg_image_animation=&#8221;none&#8221; border_type=&#8221;simple&#8221; column_border_width=&#8221;none&#8221; column_border_style=&#8221;solid&#8221; column_padding_type=&#8221;default&#8221; gradient_type=&#8221;default&#8221;][image_with_animation image_url=&#8221;1298&#8243; image_size=&#8221;full&#8221; animation_type=&#8221;entrance&#8221; animation=&#8221;None&#8221; animation_movement_type=&#8221;transform_y&#8221; hover_animation=&#8221;none&#8221; alignment=&#8221;&#8221; border_radius=&#8221;none&#8221; box_shadow=&#8221;none&#8221; image_loading=&#8221;default&#8221; max_width=&#8221;100%&#8221; max_width_mobile=&#8221;default&#8221;][\/vc_column][vc_column column_padding=&#8221;no-extra-padding&#8221; column_padding_tablet=&#8221;inherit&#8221; column_padding_phone=&#8221;inherit&#8221; column_padding_position=&#8221;all&#8221; column_element_direction_desktop=&#8221;default&#8221; column_element_spacing=&#8221;default&#8221; desktop_text_alignment=&#8221;default&#8221; tablet_text_alignment=&#8221;default&#8221; phone_text_alignment=&#8221;default&#8221; background_color_opacity=&#8221;1&#8243; background_hover_color_opacity=&#8221;1&#8243; column_backdrop_filter=&#8221;none&#8221; column_shadow=&#8221;none&#8221; column_border_radius=&#8221;none&#8221; column_link_target=&#8221;_self&#8221; column_position=&#8221;default&#8221; gradient_direction=&#8221;left_to_right&#8221; overlay_strength=&#8221;0.3&#8243; width=&#8221;1\/2&#8243; tablet_width_inherit=&#8221;default&#8221; animation_type=&#8221;default&#8221; bg_image_animation=&#8221;none&#8221; border_type=&#8221;simple&#8221; column_border_width=&#8221;none&#8221; column_border_style=&#8221;solid&#8221; column_padding_type=&#8221;default&#8221; gradient_type=&#8221;default&#8221;][vc_column_text css=&#8221;.vc_custom_1721142553660{padding-bottom: 25px !important;}&#8221;]Posted : 12:00 PM<br \/>\nPublished by : <a href=\"https:\/\/www.ccq.org\/\">Commission de la construction du Qu\u00e9bec (CCQ)<\/a>[\/vc_column_text][\/vc_column][vc_column column_padding=&#8221;no-extra-padding&#8221; column_padding_tablet=&#8221;inherit&#8221; column_padding_phone=&#8221;inherit&#8221; column_padding_position=&#8221;all&#8221; column_element_direction_desktop=&#8221;default&#8221; column_element_spacing=&#8221;default&#8221; desktop_text_alignment=&#8221;default&#8221; tablet_text_alignment=&#8221;default&#8221; phone_text_alignment=&#8221;default&#8221; background_color_opacity=&#8221;1&#8243; background_hover_color_opacity=&#8221;1&#8243; column_backdrop_filter=&#8221;none&#8221; column_shadow=&#8221;none&#8221; column_border_radius=&#8221;none&#8221; column_link_target=&#8221;_self&#8221; column_position=&#8221;default&#8221; gradient_direction=&#8221;left_to_right&#8221; overlay_strength=&#8221;0.3&#8243; width=&#8221;1\/4&#8243; tablet_width_inherit=&#8221;default&#8221; animation_type=&#8221;default&#8221; bg_image_animation=&#8221;none&#8221; border_type=&#8221;simple&#8221; column_border_width=&#8221;none&#8221; column_border_style=&#8221;solid&#8221;]<div class=\"nectar-social hover\" data-position=\"left\" data-color-override=\"override\"><span class=\"share-btn\"> <i class=\"icon-default-style steadysets-icon-share\"><\/i> Share<\/span><div class=\"nectar-social-inner\"><a class='facebook-share nectar-sharing' href='#' title='Share this'>  <i class='fa fa-facebook'><\/i> <span class='social-text'>Share<\/span> <\/a><a class='twitter-share nectar-sharing' href='#' title='Share this'> <i class='fa icon-salient-x-twitter'><\/i> <span class='social-text'>Share<\/span> <\/a><a class='linkedin-share nectar-sharing' href='#' title='Share this'> <i class='fa fa-linkedin'><\/i> <span class='social-text'>Share<\/span> <\/a><\/div><\/div>[\/vc_column][\/vc_row][vc_row type=&#8221;in_container&#8221; full_screen_row_position=&#8221;middle&#8221; column_margin=&#8221;default&#8221; column_direction=&#8221;default&#8221; column_direction_tablet=&#8221;default&#8221; column_direction_phone=&#8221;default&#8221; scene_position=&#8221;center&#8221; text_color=&#8221;dark&#8221; text_align=&#8221;left&#8221; row_border_radius=&#8221;none&#8221; row_border_radius_applies=&#8221;bg&#8221; overflow=&#8221;visible&#8221; overlay_strength=&#8221;0.3&#8243; gradient_direction=&#8221;left_to_right&#8221; shape_divider_position=&#8221;bottom&#8221; bg_image_animation=&#8221;none&#8221;][vc_column column_padding=&#8221;no-extra-padding&#8221; column_padding_tablet=&#8221;inherit&#8221; column_padding_phone=&#8221;inherit&#8221; column_padding_position=&#8221;all&#8221; column_element_direction_desktop=&#8221;default&#8221; column_element_spacing=&#8221;default&#8221; desktop_text_alignment=&#8221;default&#8221; tablet_text_alignment=&#8221;default&#8221; phone_text_alignment=&#8221;default&#8221; background_color_opacity=&#8221;1&#8243; background_hover_color_opacity=&#8221;1&#8243; column_backdrop_filter=&#8221;none&#8221; column_shadow=&#8221;none&#8221; column_border_radius=&#8221;none&#8221; column_link_target=&#8221;_self&#8221; column_position=&#8221;default&#8221; gradient_direction=&#8221;left_to_right&#8221; overlay_strength=&#8221;0.3&#8243; width=&#8221;1\/1&#8243; tablet_width_inherit=&#8221;default&#8221; animation_type=&#8221;default&#8221; bg_image_animation=&#8221;none&#8221; border_type=&#8221;simple&#8221; column_border_width=&#8221;none&#8221; column_border_style=&#8221;solid&#8221;][vc_column_text]<b><span data-contrast=\"auto\">Montr\u00e9al, July 16, 2024 \/ RMC \/<\/span><\/b><span data-contrast=\"auto\"> \u2013\u00a0<\/span>The two-week vacation period for construction workers will officially begin on Sunday, July 21, and end on Saturday, August 3, inclusive.<\/p>\n<p>In 2024, $647 million will be distributed to almost 200,000 workers in the Qu\u00e9bec construction industry. These payments, from the Fonds d\u2019indemnit\u00e9s de cong\u00e9s annuels obligatoires et de jours f\u00e9ri\u00e9s ch\u00f4m\u00e9s administered by the CCQ, represent 13% of the salary earned by employees during each work week between July and December 2023.<\/p>\n<p>The full table of the amounts paid out and the number of cheques issued per region is available on the <a href=\"https:\/\/www.ccq.org\/fr-CA\/Nouvelles\/2024\/paie-vacances-2024\">CCQ\u2019s website.<\/a><\/p>\n<p>This annual break, enshrined in the collective agreements, is obligatory for the construction industry as a whole, in all sectors. However, there are exceptions to the summer holiday, including a large part of the work on civil engineering and roads. In addition, emergency work, repairs, maintenance, renovations, and modifications may continue. In total, about 80% of the workforce, employees and employers, is on vacation during these two weeks.<\/p>\n<p><strong>A high volume of activity again this year <\/strong><\/p>\n<p>In 2023, activity on construction sites once again rose above 200 million hours worked. Because of this, the number of employees has remained stable at 197,179, and 27,606 employers are active in the industry. In this context, the need for workers in the trades and occupations will remain high.<\/p>\n<p>Professional prospects are therefore excellent for construction employees as a whole, and the issue of recruitment is once again a core challenge for the industry. It is anticipated that the volume of hours will stay above 200 million until 2028, which sets the annual need for 17,000 new workers on the market for the next four years.<\/p>\n<p>\u201cAfter more than fifty years, this summer pause remains tradition that stretches well beyond the construction industry,\u201d stated Audrey Murray, CEO of the CCQ. \u201cIt marks a well-deserved break for more than a quarter of the workforce in Qu\u00e9bec and has good economic benefits, especially for the tourism industry. I would like to wish the construction workers and contractors, mainly in the commercial, institutional, industrial, and residential sectors, an excellent vacation and remind them to be safe in their activities and on the road.\u201d<\/p>\n<p><strong>About the Commission de la construction du Qu\u00e9bec <\/strong><\/p>\n<p>The Commission de la construction du Qu\u00e9bec, created in 1987, is responsible for application of the <em>Act Respecting Labour Relations, Vocational Training and Workforce Management in the Construction Industry <\/em>(Act R-20), which governs the industry. It offers numerous services to the clienteles that it serves, including all aspects of vocational training, management of the workforce, and application of the construction industry\u2019s collective agreements.<\/p>\n<p>For more information, visit <a href=\"http:\/\/www.ccq.org\">ccq.org<\/a>.<\/p>\n<hr \/>\n<p><strong>Source<\/strong> :<\/p>\n<p>Johanne Brunet<br \/>\nDirection des affaires publiques et des communications<br \/>\n514\u00a0237-6250<br \/>\n<a href=\"m&#97;&#105;&#108;&#x74;&#x6f;&#x3a;me&#100;&#105;&#x61;&#x73;&#x40;&#x63;cq&#46;&#111;&#x72;&#x67;\">&#109;e&#x64;i&#x61;&#115;&#x40;&#99;&#x63;&#113;&#46;&#x6f;r&#x67;<\/a><br \/>\nSite Web\u00a0: <a href=\"https:\/\/www.ccq.org\/\">ccq.org<\/a><br \/>\nFacebook.com\/ccq[\/vc_column_text][\/vc_column][\/vc_row][vc_row type=&#8221;full_width_background&#8221; full_screen_row_position=&#8221;middle&#8221; column_margin=&#8221;default&#8221; column_direction=&#8221;default&#8221; column_direction_tablet=&#8221;default&#8221; column_direction_phone=&#8221;default&#8221; bg_color=&#8221;#ee4121&#8243; scene_position=&#8221;center&#8221; top_padding=&#8221;80&#8243; bottom_padding=&#8221;80&#8243; text_color=&#8221;light&#8221; text_align=&#8221;left&#8221; row_border_radius=&#8221;none&#8221; row_border_radius_applies=&#8221;bg&#8221; overflow=&#8221;visible&#8221; overlay_strength=&#8221;0.3&#8243; gradient_direction=&#8221;left_to_right&#8221; shape_divider_position=&#8221;bottom&#8221; bg_image_animation=&#8221;none&#8221;][vc_column column_padding=&#8221;no-extra-padding&#8221; column_padding_tablet=&#8221;inherit&#8221; column_padding_phone=&#8221;inherit&#8221; column_padding_position=&#8221;all&#8221; column_element_direction_desktop=&#8221;default&#8221; column_element_spacing=&#8221;default&#8221; centered_text=&#8221;true&#8221; desktop_text_alignment=&#8221;default&#8221; tablet_text_alignment=&#8221;default&#8221; phone_text_alignment=&#8221;default&#8221; background_color_opacity=&#8221;1&#8243; background_hover_color_opacity=&#8221;1&#8243; column_backdrop_filter=&#8221;none&#8221; column_shadow=&#8221;none&#8221; column_border_radius=&#8221;none&#8221; column_link_target=&#8221;_self&#8221; column_position=&#8221;default&#8221; gradient_direction=&#8221;left_to_right&#8221; overlay_strength=&#8221;0.3&#8243; width=&#8221;1\/1&#8243; tablet_width_inherit=&#8221;default&#8221; animation_type=&#8221;default&#8221; bg_image_animation=&#8221;none&#8221; border_type=&#8221;simple&#8221; column_border_width=&#8221;none&#8221; column_border_style=&#8221;solid&#8221;][vc_column_text css=&#8221;.vc_custom_1655903290651{padding-bottom: 25px !important;}&#8221;]\n<h2 style=\"text-align: center;\">Back to press releases<\/h2>\n[\/vc_column_text][nectar_btn size=&#8221;jumbo&#8221; button_style=&#8221;see-through&#8221; button_color_2=&#8221;Accent-Color&#8221; color_override=&#8221;#ffffff&#8221; icon_family=&#8221;none&#8221; text=&#8221;Press releases&#8221; url=&#8221;https:\/\/presse.refmedia.ca\/communiques&#8221; margin_top=&#8221;15px&#8221;][\/vc_column][\/vc_row]\n","protected":false},"excerpt":{"rendered":"<p>The two-week vacation period for construction workers will officially begin on Sunday, July 21, and end on Saturday, August 3, inclusive. <\/p>\n","protected":false},"author":8,"featured_media":1299,"comment_status":"closed","ping_status":"closed","sticky":false,"template":"","format":"standard","meta":{"footnotes":""},"categories":[60,36],"tags":[],"class_list":{"0":"post-1787","1":"post","2":"type-post","3":"status-publish","4":"format-standard","5":"has-post-thumbnail","7":"category-construction-en","8":"category-economy"},"_links":{"self":[{"href":"https:\/\/presse.refmedia.ca\/en\/wp-json\/wp\/v2\/posts\/1787","targetHints":{"allow":["GET"]}}],"collection":[{"href":"https:\/\/presse.refmedia.ca\/en\/wp-json\/wp\/v2\/posts"}],"about":[{"href":"https:\/\/presse.refmedia.ca\/en\/wp-json\/wp\/v2\/types\/post"}],"author":[{"embeddable":true,"href":"https:\/\/presse.refmedia.ca\/en\/wp-json\/wp\/v2\/users\/8"}],"replies":[{"embeddable":true,"href":"https:\/\/presse.refmedia.ca\/en\/wp-json\/wp\/v2\/comments?post=1787"}],"version-history":[{"count":1,"href":"https:\/\/presse.refmedia.ca\/en\/wp-json\/wp\/v2\/posts\/1787\/revisions"}],"predecessor-version":[{"id":1789,"href":"https:\/\/presse.refmedia.ca\/en\/wp-json\/wp\/v2\/posts\/1787\/revisions\/1789"}],"wp:featuredmedia":[{"embeddable":true,"href":"https:\/\/presse.refmedia.ca\/en\/wp-json\/wp\/v2\/media\/1299"}],"wp:attachment":[{"href":"https:\/\/presse.refmedia.ca\/en\/wp-json\/wp\/v2\/media?parent=1787"}],"wp:term":[{"taxonomy":"category","embeddable":true,"href":"https:\/\/presse.refmedia.ca\/en\/wp-json\/wp\/v2\/categories?post=1787"},{"taxonomy":"post_tag","embeddable":true,"href":"https:\/\/presse.refmedia.ca\/en\/wp-json\/wp\/v2\/tags?post=1787"}],"curies":[{"name":"wp","href":"https:\/\/api.w.org\/{rel}","templated":true}]}}